{"id":219816,"global_id":"web.iem-emergencia.com\/es?id=219816","global_id_lineage":["web.iem-emergencia.com\/es?id=219816"],"author":"1","status":"publish","date":"2022-06-29 15:27:06","date_utc":"2022-06-29 13:27:06","modified":"2025-01-20 12:39:46","modified_utc":"2025-01-20 11:39:46","url":"https:\/\/web.iem-emergencia.com\/es\/event\/reciclaje-soporte-vital-basico-y-dea-4\/","rest_url":"https:\/\/web.iem-emergencia.com\/es\/wp-json\/tribe\/events\/v1\/events\/219816","title":"Reciclaje Soporte Vital B\u00e1sico y DEA","description":"<div class=\"et_pb_module et_pb_text et_pb_text_0 et_pb_text_align_left et_pb_bg_layout_light\">\n<div class=\"et_pb_text_inner\">\n<h3><strong>Informaci\u00f3n del curso<\/strong><\/h3>\n<p><a href=\"\/project\/soporte-vital-basico-y-dea\/\">Informaci\u00f3n detallada del curso<\/a><\/p>\n<\/div>\n<\/div>\n<div class=\"et_pb_module et_pb_text et_pb_text_3 et_pb_text_align_left et_pb_bg_layout_light\">\n<div class=\"et_pb_text_inner\">\n<h3><strong>Inscr\u00edbete al curso<\/strong><\/h3>\n<p>Contacta con la Secretaria para inscribirte a este curso.<\/p>\n<\/div>\n<\/div>","excerpt":"","slug":"reciclaje-soporte-vital-basico-y-dea-4","image":{"url":false,"id":1880,"extension":""},"all_day":false,"start_date":"2025-12-12 16:30:00","start_date_details":{"year":"2025","month":"12","day":"12","hour":"16","minutes":"30","seconds":"00"},"end_date":"2025-12-12 18:00:00","end_date_details":{"year":"2025","month":"12","day":"12","hour":"18","minutes":"00","seconds":"00"},"utc_start_date":"2025-12-12 15:30:00","utc_start_date_details":{"year":"2025","month":"12","day":"12","hour":"15","minutes":"30","seconds":"00"},"utc_end_date":"2025-12-12 17:00:00","utc_end_date_details":{"year":"2025","month":"12","day":"12","hour":"17","minutes":"00","seconds":"00"},"timezone":"Europe\/Madrid","timezone_abbr":"CET","cost":"35\u20ac","cost_details":{"currency_symbol":"\u20ac","currency_code":"EUR","currency_position":"suffix","values":["35"]},"website":"\/project\/soporte-vital-basico-y-dea\/","show_map":false,"show_map_link":true,"hide_from_listings":false,"sticky":false,"featured":false,"categories":[{"name":"Curso sat\u00e9lite optativo","slug":"curso-satelite-optativo","term_group":0,"term_taxonomy_id":15,"taxonomy":"tribe_events_cat","description":"","parent":0,"count":6,"filter":"raw","id":15,"urls":{"self":"https:\/\/web.iem-emergencia.com\/es\/wp-json\/tribe\/events\/v1\/categories\/15","collection":"https:\/\/web.iem-emergencia.com\/es\/wp-json\/tribe\/events\/v1\/categories"}},{"name":"Formaci\u00f3n para buceadores","slug":"buceadores","term_group":0,"term_taxonomy_id":12,"taxonomy":"tribe_events_cat","description":"","parent":0,"count":15,"filter":"raw","id":12,"urls":{"self":"https:\/\/web.iem-emergencia.com\/es\/wp-json\/tribe\/events\/v1\/categories\/12","collection":"https:\/\/web.iem-emergencia.com\/es\/wp-json\/tribe\/events\/v1\/categories"}},{"name":"Urgencias m\u00e9dicas y quir\u00fargicas","slug":"urgencias-medicas-y-quirurgicas","term_group":0,"term_taxonomy_id":17,"taxonomy":"tribe_events_cat","description":"","parent":0,"count":30,"filter":"raw","id":17,"urls":{"self":"https:\/\/web.iem-emergencia.com\/es\/wp-json\/tribe\/events\/v1\/categories\/17","collection":"https:\/\/web.iem-emergencia.com\/es\/wp-json\/tribe\/events\/v1\/categories"}}],"tags":[{"name":"svb y dea","slug":"svb-y-dea","term_group":0,"term_taxonomy_id":16,"taxonomy":"post_tag","description":"","parent":0,"count":10,"filter":"raw","id":16,"urls":{"self":"https:\/\/web.iem-emergencia.com\/es\/wp-json\/tribe\/events\/v1\/tags\/16","collection":"https:\/\/web.iem-emergencia.com\/es\/wp-json\/tribe\/events\/v1\/tags"}}],"venue":{"id":1377,"author":"1","status":"publish","date":"2019-08-29 09:09:24","date_utc":"2019-08-29 07:09:24","modified":"2019-08-29 09:09:24","modified_utc":"2019-08-29 07:09:24","url":"https:\/\/web.iem-emergencia.com\/es\/local\/iem\/","venue":"Instituto Estudios M\u00e9dicos","slug":"iem","address":"Salvador Espriu, 73-75","city":"Barcelona","country":"Espa\u00f1a","province":"Barcelona","zip":"08005","phone":"+34 934 335 190","stateprovince":"Barcelona","json_ld":{"@type":"Place","name":"Instituto Estudios M\u00e9dicos","description":"","url":"https:\/\/web.iem-emergencia.com\/es\/local\/iem\/","address":{"@type":"PostalAddress","streetAddress":"Salvador Espriu, 73-75","addressLocality":"Barcelona","addressRegion":"Barcelona","postalCode":"08005","addressCountry":"Espa\u00f1a"},"telephone":"+34 934 335 190","sameAs":""},"show_map":true,"show_map_link":true,"global_id":"web.iem-emergencia.com\/es?id=1377","global_id_lineage":["web.iem-emergencia.com\/es?id=1377"]},"organizer":[{"id":1422,"author":"1","status":"publish","date":"2019-08-29 10:28:39","date_utc":"2019-08-29 08:28:39","modified":"2025-01-20 12:28:03","modified_utc":"2025-01-20 11:28:03","url":"https:\/\/web.iem-emergencia.com\/es\/organizador\/instituto-de-estudios-medicos\/","organizer":"Instituto de Estudios M\u00e9dicos","slug":"instituto-de-estudios-medicos","phone":"+34 934 335 190","email":"info@iem-emergencia.com","json_ld":{"@type":"Person","name":"Instituto de Estudios M\u00e9dicos","description":"","url":"","telephone":"+34 934 335 190","email":"&#105;n&#102;&#111;&#64;&#105;&#101;&#109;&#45;&#101;me&#114;ge&#110;&#99;ia&#46;c&#111;&#109;","sameAs":""},"global_id":"web.iem-emergencia.com\/es?id=1422","global_id_lineage":["web.iem-emergencia.com\/es?id=1422"]}],"custom_fields":[],"json_ld":{"@context":"http:\/\/schema.org","@type":"Event","name":"Reciclaje Soporte Vital B\u00e1sico y DEA","description":"&lt;p&gt;Informaci\u00f3n del curso Informaci\u00f3n detallada del curso Inscr\u00edbete al curso Contacta con la Secretaria para inscribirte a este curso.&lt;\/p&gt;\\n","image":false,"url":"https:\/\/web.iem-emergencia.com\/es\/event\/reciclaje-soporte-vital-basico-y-dea-4\/","eventAttendanceMode":"https:\/\/schema.org\/OfflineEventAttendanceMode","eventStatus":"https:\/\/schema.org\/EventScheduled","startDate":"2025-12-12T16:30:00+01:00","endDate":"2025-12-12T18:00:00+01:00","location":{"@type":"Place","name":"Instituto Estudios M\u00e9dicos","description":"","url":"https:\/\/web.iem-emergencia.com\/es\/local\/iem\/","address":{"@type":"PostalAddress","streetAddress":"Salvador Espriu, 73-75","addressLocality":"Barcelona","addressRegion":"Barcelona","postalCode":"08005","addressCountry":"Espa\u00f1a"},"telephone":"+34 934 335 190","sameAs":""},"organizer":{"@type":"Person","name":"Instituto de Estudios M\u00e9dicos","description":"","url":"","telephone":"+34 934 335 190","email":"in&#102;o&#64;&#105;e&#109;-&#101;m&#101;&#114;ge&#110;&#99;i&#97;&#46;c&#111;&#109;","sameAs":""},"offers":{"@type":"Offer","price":"35","priceCurrency":"EUR","url":"https:\/\/web.iem-emergencia.com\/es\/event\/reciclaje-soporte-vital-basico-y-dea-4\/","category":"primary","availability":"inStock","validFrom":"1970-01-01T00:00:00+00:00"},"performer":"Organization"},"is_virtual":false,"virtual_url":null,"virtual_video_source":""}