{"id":10000146,"global_id":"web.iem-emergencia.com\/es?id=10000146","global_id_lineage":["web.iem-emergencia.com\/es?id=10000146"],"author":"1","status":"publish","date":"2019-10-02 12:37:22","date_utc":"2019-10-02 10:37:22","modified":"2019-10-02 12:37:22","modified_utc":"2019-10-02 10:37:22","url":"https:\/\/web.iem-emergencia.com\/es\/event\/farmacologia-en-urgencias-y-emergencias\/2021-12-14\/","rest_url":"https:\/\/web.iem-emergencia.com\/es\/wp-json\/tribe\/events\/v1\/events\/10000146","title":"Farmacolog\u00eda en urgencias y emergencias","description":"<p>\u2022 Farmacocin\u00e9tica y Farmacodinamia. V\u00edas de administraci\u00f3n de los f\u00e1rmacos. F\u00e1rmacos y ant\u00eddotos utilizados en las intoxicaciones<br \/>\n\u2022 Farmacolog\u00eda del Aparato Digestivo<br \/>\n\u2022 Farmacolog\u00eda utilizada en el SVA<br \/>\n\u2022 F\u00e1rmacos vasoactivos. F\u00e1rmacos vasodilatadores<br \/>\n\u2022 Farmacolog\u00eda del Aparato Respiratorio<br \/>\n\u2022 Terapia antitromb\u00f3tica: antiagregantes plaquetarios, anticoagulantes y fibrinol\u00edticos<br \/>\n\u2022 Fluidoterapia: cristaloides y coloides. Farmacolog\u00eda de las urgencias endocrinas y metab\u00f3licas. Diur\u00e9ticos<br \/>\n\u2022 Farmacolog\u00eda de la sedaci\u00f3n, relajaci\u00f3n y analgesia<\/p>","excerpt":"","slug":"farmacologia-en-urgencias-y-emergencias","image":{"url":false,"id":1748,"extension":""},"all_day":true,"start_date":"2021-12-14 00:00:00","start_date_details":{"year":"2021","month":"12","day":"14","hour":"00","minutes":"00","seconds":"00"},"end_date":"2021-12-14 23:59:59","end_date_details":{"year":"2021","month":"12","day":"14","hour":"23","minutes":"59","seconds":"59"},"utc_start_date":"2021-12-13 23:00:00","utc_start_date_details":{"year":"2021","month":"12","day":"13","hour":"23","minutes":"00","seconds":"00"},"utc_end_date":"2021-12-14 22:59:59","utc_end_date_details":{"year":"2021","month":"12","day":"14","hour":"22","minutes":"59","seconds":"59"},"timezone":"Europe\/Madrid","timezone_abbr":"CET","cost":"","cost_details":{"currency_symbol":"","currency_code":"","currency_position":"suffix","values":[]},"website":"\/project\/farmacologia-en-urgencias-y-emergencias\/","show_map":true,"show_map_link":true,"hide_from_listings":false,"sticky":false,"featured":false,"categories":[{"name":"On-line\/Presencial","slug":"on-line-presencial","term_group":0,"term_taxonomy_id":27,"taxonomy":"tribe_events_cat","description":"","parent":0,"count":10,"filter":"raw","id":27,"urls":{"self":"https:\/\/web.iem-emergencia.com\/es\/wp-json\/tribe\/events\/v1\/categories\/27","collection":"https:\/\/web.iem-emergencia.com\/es\/wp-json\/tribe\/events\/v1\/categories"}},{"name":"Urgencias m\u00e9dicas y quir\u00fargicas","slug":"urgencias-medicas-y-quirurgicas","term_group":0,"term_taxonomy_id":17,"taxonomy":"tribe_events_cat","description":"","parent":0,"count":30,"filter":"raw","id":17,"urls":{"self":"https:\/\/web.iem-emergencia.com\/es\/wp-json\/tribe\/events\/v1\/categories\/17","collection":"https:\/\/web.iem-emergencia.com\/es\/wp-json\/tribe\/events\/v1\/categories"}},{"name":"Urgencias miscel\u00e1nea","slug":"urgencias-miscelanea","term_group":0,"term_taxonomy_id":28,"taxonomy":"tribe_events_cat","description":"","parent":0,"count":14,"filter":"raw","id":28,"urls":{"self":"https:\/\/web.iem-emergencia.com\/es\/wp-json\/tribe\/events\/v1\/categories\/28","collection":"https:\/\/web.iem-emergencia.com\/es\/wp-json\/tribe\/events\/v1\/categories"}}],"tags":[{"name":"farmacolog\u00eda","slug":"farmacologia","term_group":0,"term_taxonomy_id":26,"taxonomy":"post_tag","description":"","parent":0,"count":1,"filter":"raw","id":26,"urls":{"self":"https:\/\/web.iem-emergencia.com\/es\/wp-json\/tribe\/events\/v1\/tags\/26","collection":"https:\/\/web.iem-emergencia.com\/es\/wp-json\/tribe\/events\/v1\/tags"}}],"venue":{"id":1377,"author":"1","status":"publish","date":"2019-08-29 09:09:24","date_utc":"2019-08-29 07:09:24","modified":"2019-08-29 09:09:24","modified_utc":"2019-08-29 07:09:24","url":"https:\/\/web.iem-emergencia.com\/es\/local\/iem\/","venue":"Instituto Estudios M\u00e9dicos","slug":"iem","address":"Salvador Espriu, 73-75","city":"Barcelona","country":"Espa\u00f1a","province":"Barcelona","zip":"08005","phone":"+34 934 335 190","stateprovince":"Barcelona","json_ld":{"@type":"Place","name":"Instituto Estudios M\u00e9dicos","description":"","url":"https:\/\/web.iem-emergencia.com\/es\/local\/iem\/","address":{"@type":"PostalAddress","streetAddress":"Salvador Espriu, 73-75","addressLocality":"Barcelona","addressRegion":"Barcelona","postalCode":"08005","addressCountry":"Espa\u00f1a"},"telephone":"+34 934 335 190","sameAs":""},"show_map":true,"show_map_link":true,"global_id":"web.iem-emergencia.com\/es?id=1377","global_id_lineage":["web.iem-emergencia.com\/es?id=1377"]},"organizer":[{"id":1422,"author":"1","status":"publish","date":"2019-08-29 10:28:39","date_utc":"2019-08-29 08:28:39","modified":"2025-01-20 12:28:03","modified_utc":"2025-01-20 11:28:03","url":"https:\/\/web.iem-emergencia.com\/es\/organizador\/instituto-de-estudios-medicos\/","organizer":"Instituto de Estudios M\u00e9dicos","slug":"instituto-de-estudios-medicos","phone":"+34 934 335 190","email":"info@iem-emergencia.com","json_ld":{"@type":"Person","name":"Instituto de Estudios M\u00e9dicos","description":"","url":"","telephone":"+34 934 335 190","email":"&#105;nfo&#64;&#105;e&#109;&#45;emer&#103;&#101;ncia&#46;&#99;om","sameAs":""},"global_id":"web.iem-emergencia.com\/es?id=1422","global_id_lineage":["web.iem-emergencia.com\/es?id=1422"]}],"custom_fields":[],"json_ld":{"@context":"http:\/\/schema.org","@type":"Event","name":"Farmacolog\u00eda en urgencias y emergencias","description":"&lt;p&gt;\u2022 Farmacocin\u00e9tica y Farmacodinamia. V\u00edas de administraci\u00f3n de los f\u00e1rmacos. F\u00e1rmacos y ant\u00eddotos utilizados en las intoxicaciones \u2022 Farmacolog\u00eda del Aparato Digestivo \u2022 Farmacolog\u00eda utilizada en el SVA \u2022 F\u00e1rmacos [&hellip;]&lt;\/p&gt;\\n","image":false,"url":"https:\/\/web.iem-emergencia.com\/es\/event\/farmacologia-en-urgencias-y-emergencias\/2021-12-14\/","eventAttendanceMode":"https:\/\/schema.org\/OfflineEventAttendanceMode","eventStatus":"https:\/\/schema.org\/EventScheduled","startDate":"2021-12-14T00:00:00+01:00","endDate":"2021-12-14T23:59:59+01:00","location":{"@type":"Place","name":"Instituto Estudios M\u00e9dicos","description":"","url":"https:\/\/web.iem-emergencia.com\/es\/local\/iem\/","address":{"@type":"PostalAddress","streetAddress":"Salvador Espriu, 73-75","addressLocality":"Barcelona","addressRegion":"Barcelona","postalCode":"08005","addressCountry":"Espa\u00f1a"},"telephone":"+34 934 335 190","sameAs":""},"organizer":{"@type":"Person","name":"Instituto de Estudios M\u00e9dicos","description":"","url":"","telephone":"+34 934 335 190","email":"i&#110;&#102;o&#64;&#105;&#101;&#109;-&#101;&#109;e&#114;g&#101;&#110;cia.c&#111;m","sameAs":""},"performer":"Organization"},"is_virtual":false,"virtual_url":null,"virtual_video_source":""}