{"id":2042,"global_id":"web.iem-emergencia.com\/ca?id=2042","global_id_lineage":["web.iem-emergencia.com\/ca?id=2042"],"author":"1","status":"publish","date":"2019-11-03 17:35:29","date_utc":"2019-11-03 15:35:29","modified":"2019-11-03 17:35:29","modified_utc":"2019-11-03 15:35:29","url":"https:\/\/web.iem-emergencia.com\/ca\/event\/radiologia-en-urgencias-y-emergencias\/","rest_url":"https:\/\/web.iem-emergencia.com\/ca\/wp-json\/tribe\/events\/v1\/events\/2042","title":"Radiolog\u00eda en urgencias y emergencias","description":"<div class=\"descripcion-bloque\">\n<p>\u2022 Fases f\u00edsicas de radiolog\u00eda diagn\u00f3stica, instrumentaci\u00f3n, semiolog\u00eda y aplicaci\u00f3n sobre el t\u00f3rax<br \/>\n\u2022\u00a0Radiolog\u00eda del accidente vascular cerebral<br \/>\n\u2022\u00a0Radiolog\u00eda del traumatismo craneoencef\u00e1lico<\/p>\n<p>El alumno desarrollar\u00e1 destreza en la visualizaci\u00f3n de las principales patolog\u00edas sobre RX, TC, RMN<\/p>\n<\/div>","excerpt":"","slug":"radiologia-en-urgencias-y-emergencias","image":{"url":false,"id":2050,"extension":""},"all_day":true,"start_date":"2022-01-18 00:00:00","start_date_details":{"year":"2022","month":"01","day":"18","hour":"00","minutes":"00","seconds":"00"},"end_date":"2022-01-18 23:59:59","end_date_details":{"year":"2022","month":"01","day":"18","hour":"23","minutes":"59","seconds":"59"},"utc_start_date":"2022-01-17 23:00:00","utc_start_date_details":{"year":"2022","month":"01","day":"17","hour":"23","minutes":"00","seconds":"00"},"utc_end_date":"2022-01-18 22:59:59","utc_end_date_details":{"year":"2022","month":"01","day":"18","hour":"22","minutes":"59","seconds":"59"},"timezone":"Europe\/Madrid","timezone_abbr":"CET","cost":"","cost_details":{"currency_symbol":"","currency_code":"","currency_position":"suffix","values":[]},"website":"\/project\/radiologia-en-urgencias-y-emergencias\/","show_map":true,"show_map_link":true,"hide_from_listings":false,"sticky":false,"featured":false,"categories":[{"name":"On-line\/Presencial","slug":"on-line-presencial","term_group":0,"term_taxonomy_id":27,"taxonomy":"tribe_events_cat","description":"","parent":0,"count":10,"filter":"raw","id":27,"urls":{"self":"https:\/\/web.iem-emergencia.com\/ca\/wp-json\/tribe\/events\/v1\/categories\/27","collection":"https:\/\/web.iem-emergencia.com\/ca\/wp-json\/tribe\/events\/v1\/categories"}},{"name":"Urgencias m\u00e9dicas y quir\u00fargicas","slug":"urgencias-medicas-y-quirurgicas","term_group":0,"term_taxonomy_id":17,"taxonomy":"tribe_events_cat","description":"","parent":0,"count":30,"filter":"raw","id":17,"urls":{"self":"https:\/\/web.iem-emergencia.com\/ca\/wp-json\/tribe\/events\/v1\/categories\/17","collection":"https:\/\/web.iem-emergencia.com\/ca\/wp-json\/tribe\/events\/v1\/categories"}},{"name":"Urgencias traum\u00e1ticas","slug":"urgencias-traumaticas","term_group":0,"term_taxonomy_id":24,"taxonomy":"tribe_events_cat","description":"","parent":0,"count":12,"filter":"raw","id":24,"urls":{"self":"https:\/\/web.iem-emergencia.com\/ca\/wp-json\/tribe\/events\/v1\/categories\/24","collection":"https:\/\/web.iem-emergencia.com\/ca\/wp-json\/tribe\/events\/v1\/categories"}}],"tags":[{"name":"radiologiaclinica","slug":"radiologiaclinica","term_group":0,"term_taxonomy_id":43,"taxonomy":"post_tag","description":"","parent":0,"count":1,"filter":"raw","id":43,"urls":{"self":"https:\/\/web.iem-emergencia.com\/ca\/wp-json\/tribe\/events\/v1\/tags\/43","collection":"https:\/\/web.iem-emergencia.com\/ca\/wp-json\/tribe\/events\/v1\/tags"}}],"venue":{"id":1377,"author":"1","status":"publish","date":"2019-08-29 09:09:24","date_utc":"2019-08-29 07:09:24","modified":"2019-08-29 09:09:24","modified_utc":"2019-08-29 07:09:24","url":"https:\/\/web.iem-emergencia.com\/ca\/recinte\/iem\/","venue":"Instituto Estudios M\u00e9dicos","slug":"iem","address":"Salvador Espriu, 73-75","city":"Barcelona","country":"Espa\u00f1a","province":"Barcelona","zip":"08005","phone":"+34 934 335 190","stateprovince":"Barcelona","json_ld":{"@type":"Place","name":"Instituto Estudios M\u00e9dicos","description":"","url":"https:\/\/web.iem-emergencia.com\/ca\/recinte\/iem\/","address":{"@type":"PostalAddress","streetAddress":"Salvador Espriu, 73-75","addressLocality":"Barcelona","addressRegion":"Barcelona","postalCode":"08005","addressCountry":"Espa\u00f1a"},"telephone":"+34 934 335 190","sameAs":""},"show_map":true,"show_map_link":true,"global_id":"web.iem-emergencia.com\/ca?id=1377","global_id_lineage":["web.iem-emergencia.com\/ca?id=1377"]},"organizer":[{"id":1422,"author":"1","status":"publish","date":"2019-08-29 10:28:39","date_utc":"2019-08-29 08:28:39","modified":"2025-01-20 12:28:03","modified_utc":"2025-01-20 11:28:03","url":"https:\/\/web.iem-emergencia.com\/ca\/organitzador\/instituto-de-estudios-medicos\/","organizer":"Instituto de Estudios M\u00e9dicos","slug":"instituto-de-estudios-medicos","phone":"+34 934 335 190","email":"info@iem-emergencia.com","json_ld":{"@type":"Person","name":"Instituto de Estudios M\u00e9dicos","description":"","url":"","telephone":"+34 934 335 190","email":"in&#102;o&#64;i&#101;&#109;-&#101;me&#114;&#103;enci&#97;&#46;&#99;&#111;&#109;","sameAs":""},"global_id":"web.iem-emergencia.com\/ca?id=1422","global_id_lineage":["web.iem-emergencia.com\/ca?id=1422"]}],"custom_fields":[],"json_ld":{"@context":"http:\/\/schema.org","@type":"Event","name":"Radiolog\u00eda en urgencias y emergencias","description":"&lt;p&gt;\u2022 Fases f\u00edsicas de radiolog\u00eda diagn\u00f3stica, instrumentaci\u00f3n, semiolog\u00eda y aplicaci\u00f3n sobre el t\u00f3rax \u2022\u00a0Radiolog\u00eda del accidente vascular cerebral \u2022\u00a0Radiolog\u00eda del traumatismo craneoencef\u00e1lico El alumno desarrollar\u00e1 destreza en la visualizaci\u00f3n de [&hellip;]&lt;\/p&gt;\\n","image":false,"url":"https:\/\/web.iem-emergencia.com\/ca\/event\/radiologia-en-urgencias-y-emergencias\/","eventAttendanceMode":"https:\/\/schema.org\/OfflineEventAttendanceMode","eventStatus":"https:\/\/schema.org\/EventScheduled","startDate":"2022-01-18T00:00:00+01:00","endDate":"2022-01-18T23:59:59+01:00","location":{"@type":"Place","name":"Instituto Estudios M\u00e9dicos","description":"","url":"https:\/\/web.iem-emergencia.com\/ca\/recinte\/iem\/","address":{"@type":"PostalAddress","streetAddress":"Salvador Espriu, 73-75","addressLocality":"Barcelona","addressRegion":"Barcelona","postalCode":"08005","addressCountry":"Espa\u00f1a"},"telephone":"+34 934 335 190","sameAs":""},"organizer":{"@type":"Person","name":"Instituto de Estudios M\u00e9dicos","description":"","url":"","telephone":"+34 934 335 190","email":"i&#110;f&#111;&#64;&#105;&#101;m&#45;&#101;&#109;e&#114;gen&#99;i&#97;.c&#111;m","sameAs":""},"performer":"Organization"},"is_virtual":false,"virtual_url":null,"virtual_video_source":""}