{"id":1757,"global_id":"web.iem-emergencia.com\/ca?id=1757","global_id_lineage":["web.iem-emergencia.com\/ca?id=1757"],"author":"1","status":"publish","date":"2019-10-02 12:50:18","date_utc":"2019-10-02 10:50:18","modified":"2019-10-02 12:50:18","modified_utc":"2019-10-02 10:50:18","url":"https:\/\/web.iem-emergencia.com\/ca\/event\/capsula-formativa-basica-de-prevencion-y-seguridad-integral\/","rest_url":"https:\/\/web.iem-emergencia.com\/ca\/wp-json\/tribe\/events\/v1\/events\/1757","title":"C\u00e1psula formativa b\u00e1sica de prevenci\u00f3n y seguridad integral","description":"<p>\u2022 Actuaci\u00f3n ante una parada cardiorrespiratoria<br \/>\n\u2022 Reacci\u00f3n ante el testimonio de un accidente de tr\u00e1fico<br \/>\n\u2022 Actuaci\u00f3n ante un atragantamiento<br \/>\n\u2022 Actuaci\u00f3n ante un incidente con un veh\u00edculo quemado<br \/>\n\u2022 Seguridad y prevenci\u00f3n en espacios p\u00fablicos<br \/>\n\u2022 Riesgos de incendio \u2013 Evacuaci\u00f3n de una v\u00edctima inconsciente en caso de incendio<\/p>","excerpt":"","slug":"capsula-formativa-basica-de-prevencion-y-seguridad-integral","image":{"url":false,"id":1758,"extension":""},"all_day":true,"start_date":"2018-10-17 00:00:00","start_date_details":{"year":"2018","month":"10","day":"17","hour":"00","minutes":"00","seconds":"00"},"end_date":"2018-10-17 23:59:59","end_date_details":{"year":"2018","month":"10","day":"17","hour":"23","minutes":"59","seconds":"59"},"utc_start_date":"2018-10-16 21:00:00","utc_start_date_details":{"year":"2018","month":"10","day":"16","hour":"21","minutes":"00","seconds":"00"},"utc_end_date":"2018-10-17 20:59:59","utc_end_date_details":{"year":"2018","month":"10","day":"17","hour":"20","minutes":"59","seconds":"59"},"timezone":"UTC+2","timezone_abbr":"UTC+2","cost":"","cost_details":{"currency_symbol":"","currency_code":"","currency_position":"suffix","values":[]},"website":"\/project\/capsula-formativa-basica-de-prevencion-y-seguridad-integral\/","show_map":true,"show_map_link":true,"hide_from_listings":false,"sticky":false,"featured":false,"categories":[{"name":"Urgencias miscel\u00e1nea","slug":"urgencias-miscelanea","term_group":0,"term_taxonomy_id":28,"taxonomy":"tribe_events_cat","description":"","parent":0,"count":14,"filter":"raw","id":28,"urls":{"self":"https:\/\/web.iem-emergencia.com\/ca\/wp-json\/tribe\/events\/v1\/categories\/28","collection":"https:\/\/web.iem-emergencia.com\/ca\/wp-json\/tribe\/events\/v1\/categories"}}],"tags":[{"name":"capsula seguridad","slug":"capsula-seguridad","term_group":0,"term_taxonomy_id":29,"taxonomy":"post_tag","description":"","parent":0,"count":1,"filter":"raw","id":29,"urls":{"self":"https:\/\/web.iem-emergencia.com\/ca\/wp-json\/tribe\/events\/v1\/tags\/29","collection":"https:\/\/web.iem-emergencia.com\/ca\/wp-json\/tribe\/events\/v1\/tags"}}],"venue":{"id":1377,"author":"1","status":"publish","date":"2019-08-29 09:09:24","date_utc":"2019-08-29 07:09:24","modified":"2019-08-29 09:09:24","modified_utc":"2019-08-29 07:09:24","url":"https:\/\/web.iem-emergencia.com\/ca\/recinte\/iem\/","venue":"Instituto Estudios M\u00e9dicos","slug":"iem","address":"Salvador Espriu, 73-75","city":"Barcelona","country":"Espa\u00f1a","province":"Barcelona","zip":"08005","phone":"+34 934 335 190","stateprovince":"Barcelona","json_ld":{"@type":"Place","name":"Instituto Estudios M\u00e9dicos","description":"","url":"https:\/\/web.iem-emergencia.com\/ca\/recinte\/iem\/","address":{"@type":"PostalAddress","streetAddress":"Salvador Espriu, 73-75","addressLocality":"Barcelona","addressRegion":"Barcelona","postalCode":"08005","addressCountry":"Espa\u00f1a"},"telephone":"+34 934 335 190","sameAs":""},"show_map":true,"show_map_link":true,"global_id":"web.iem-emergencia.com\/ca?id=1377","global_id_lineage":["web.iem-emergencia.com\/ca?id=1377"]},"organizer":[{"id":1422,"author":"1","status":"publish","date":"2019-08-29 10:28:39","date_utc":"2019-08-29 08:28:39","modified":"2025-01-20 12:28:03","modified_utc":"2025-01-20 11:28:03","url":"https:\/\/web.iem-emergencia.com\/ca\/organitzador\/instituto-de-estudios-medicos\/","organizer":"Instituto de Estudios M\u00e9dicos","slug":"instituto-de-estudios-medicos","phone":"+34 934 335 190","email":"info@iem-emergencia.com","json_ld":{"@type":"Person","name":"Instituto de Estudios M\u00e9dicos","description":"","url":"","telephone":"+34 934 335 190","email":"in&#102;o&#64;iem&#45;&#101;&#109;e&#114;&#103;&#101;&#110;c&#105;a.c&#111;m","sameAs":""},"global_id":"web.iem-emergencia.com\/ca?id=1422","global_id_lineage":["web.iem-emergencia.com\/ca?id=1422"]}],"custom_fields":[],"json_ld":{"@context":"http:\/\/schema.org","@type":"Event","name":"C\u00e1psula formativa b\u00e1sica de prevenci\u00f3n y seguridad integral","description":"&lt;p&gt;\u2022 Actuaci\u00f3n ante una parada cardiorrespiratoria \u2022 Reacci\u00f3n ante el testimonio de un accidente de tr\u00e1fico \u2022 Actuaci\u00f3n ante un atragantamiento \u2022 Actuaci\u00f3n ante un incidente con un veh\u00edculo quemado [&hellip;]&lt;\/p&gt;\\n","image":false,"url":"https:\/\/web.iem-emergencia.com\/ca\/event\/capsula-formativa-basica-de-prevencion-y-seguridad-integral\/","eventAttendanceMode":"https:\/\/schema.org\/OfflineEventAttendanceMode","eventStatus":"https:\/\/schema.org\/EventScheduled","startDate":"2018-10-16T23:00:00+02:00","endDate":"2018-10-17T22:59:59+02:00","location":{"@type":"Place","name":"Instituto Estudios M\u00e9dicos","description":"","url":"https:\/\/web.iem-emergencia.com\/ca\/recinte\/iem\/","address":{"@type":"PostalAddress","streetAddress":"Salvador Espriu, 73-75","addressLocality":"Barcelona","addressRegion":"Barcelona","postalCode":"08005","addressCountry":"Espa\u00f1a"},"telephone":"+34 934 335 190","sameAs":""},"organizer":{"@type":"Person","name":"Instituto de Estudios M\u00e9dicos","description":"","url":"","telephone":"+34 934 335 190","email":"&#105;n&#102;&#111;&#64;i&#101;m-&#101;mer&#103;e&#110;&#99;&#105;&#97;&#46;&#99;&#111;m","sameAs":""},"performer":"Organization"},"is_virtual":false,"virtual_url":null,"virtual_video_source":""}